{"id":2160,"date":"2012-11-29T11:42:52","date_gmt":"2012-11-29T11:42:52","guid":{"rendered":"http:\/\/www.geotesc.com.br\/site\/?p=2160"},"modified":"2016-10-21T17:45:49","modified_gmt":"2016-10-21T17:45:49","slug":"comenda-do-legislativo-catarinense-2012","status":"publish","type":"post","link":"https:\/\/www.geotesc.com.br\/site\/comenda-do-legislativo-catarinense-2012\/","title":{"rendered":"Comenda do Legislativo Catarinense &#8211; 2012"},"content":{"rendered":"<p>Empres\u00e1rio, propriet\u00e1rio da empresa parceira da Geotesc, a concreteira Casetex, \u00e9 homenageado em sess\u00e3o especial na Assembl\u00e9ia Legislativa de Santa Catarina, dia 19\/11\/2012 no Plen\u00e1rio Deputado Osni R\u00e9gis.<\/p>\n<p>&nbsp;<\/p>\n<p style=\"text-align: center;\"><a href=\"http:\/\/www.geotesc.com.br\/site\/wp-content\/uploads\/2012\/11\/comenda.jpg\"><img loading=\"lazy\" class=\"aligncenter size-full wp-image-2161\" title=\"comenda\" src=\"http:\/\/www.geotesc.com.br\/site\/wp-content\/uploads\/2012\/11\/comenda.jpg\" alt=\"\" width=\"608\" height=\"406\" \/><\/a><\/p>\n<p style=\"text-align: justify;\">Nesta homenagem, o Parlamento reconhece a\u00e7\u00f5es relevantes que colaboram no desenvolvimento de um estado mais justo e humano.<\/p>\n<h3 style=\"text-align: justify;\">Import\u00e2ncia<\/h3>\n<p style=\"text-align: justify;\">O presidente da Assembleia Legislativa, deputado Gelson Merisio (PSD),\u00a0parabenizou os homenageados e ressaltou a import\u00e2ncia deste tipo de\u00a0solenidade. \u201c<em>Esta cerim\u00f4nia tem o objetivo de enaltecer os que aqui\u00a0<\/em><em>est\u00e3o e incentivar tantos outros an\u00f4nimos que prestam um grande\u00a0<\/em><em>servi\u00e7o ao nosso estado para que possam continuar seu trabalho\u00a0<\/em><em>volunt\u00e1rio<\/em>\u201d, declarou.<\/p>\n<p style=\"text-align: justify;\">Pronunciando em nome dos homenageados, Jos\u00e9 Carlos dos Santos\u00a0destacou o papel que esses atores desempenham na sociedade:\u00a0\u201c<em>Parabenizo todos pela fun\u00e7\u00e3o que cada um exerce pelo bem-estar do\u00a0<\/em><em>povo catarinense. Desejo a todos que continuem fazendo aquilo que\u00a0<\/em><em>gostam e que eu tamb\u00e9m gosto &#8211; fazer o bem n\u00e3o interessa a quem<\/em>\u201d. O\u00a0empres\u00e1rio tamb\u00e9m fez um apelo contra a viol\u00eancia em Santa Catarina.\u00a0\u201c<em>Vim fazer esta reivindica\u00e7\u00e3o: vamos nos unir e lutar pelo nosso\u00a0<\/em><em>estado<\/em>\u201d.<\/p>\n<p style=\"text-align: justify;\">Conhe\u00e7a a lista de homenageados <a href=\"http:\/\/agenciaal.alesc.sc.gov.br\/index.php\/noticia_single\/em-sessaeo-especial-parlamentares-concedem-comenda-do-legislativo\" target=\"_blank\"><strong>clicando aqui<\/strong>:<\/a><\/p>\n","protected":false},"excerpt":{"rendered":"<p>Empres\u00e1rio, propriet\u00e1rio da empresa parceira da Geotesc, a concreteira Casetex, \u00e9 homenageado em sess\u00e3o especial na Assembl\u00e9ia Legislativa de Santa Catarina, dia 19\/11\/2012 no Plen\u00e1rio Deputado Osni R\u00e9gis. &nbsp; Nesta homenagem, o Parlamento reconhece a\u00e7\u00f5es relevantes que colaboram no desenvolvimento de um estado mais justo e humano. Import\u00e2ncia O presidente da Assembleia Legislativa, deputado Gelson Merisio (PSD),\u00a0parabenizou os homenageados e ressaltou a import\u00e2ncia deste tipo de\u00a0solenidade. \u201cEsta cerim\u00f4nia tem o objetivo de enaltecer os que aqui\u00a0est\u00e3o e incentivar tantos outros an\u00f4nimos que prestam um grande\u00a0servi\u00e7o ao nosso estado para que possam continuar seu trabalho\u00a0volunt\u00e1rio\u201d, declarou. Pronunciando em nome dos homenageados, Jos\u00e9 Carlos dos Santos\u00a0destacou o papel que esses atores desempenham na sociedade:\u00a0\u201cParabenizo todos pela fun\u00e7\u00e3o que cada um exerce pelo bem-estar do\u00a0povo catarinense. Desejo a todos que continuem fazendo aquilo que\u00a0gostam e que eu tamb\u00e9m gosto &#8211; fazer o bem n\u00e3o interessa a quem\u201d. O\u00a0empres\u00e1rio tamb\u00e9m fez um apelo contra a viol\u00eancia em Santa Catarina.\u00a0\u201cVim fazer esta reivindica\u00e7\u00e3o: vamos nos unir e lutar pelo nosso\u00a0estado\u201d. Conhe\u00e7a a lista de homenageados clicando aqui:<\/p>\n","protected":false},"author":4,"featured_media":0,"comment_status":"open","ping_status":"open","sticky":false,"template":"","format":"standard","meta":[],"categories":[27],"tags":[152,36,154,153],"_links":{"self":[{"href":"https:\/\/www.geotesc.com.br\/site\/wp-json\/wp\/v2\/posts\/2160"}],"collection":[{"href":"https:\/\/www.geotesc.com.br\/site\/wp-json\/wp\/v2\/posts"}],"about":[{"href":"https:\/\/www.geotesc.com.br\/site\/wp-json\/wp\/v2\/types\/post"}],"author":[{"embeddable":true,"href":"https:\/\/www.geotesc.com.br\/site\/wp-json\/wp\/v2\/users\/4"}],"replies":[{"embeddable":true,"href":"https:\/\/www.geotesc.com.br\/site\/wp-json\/wp\/v2\/comments?post=2160"}],"version-history":[{"count":9,"href":"https:\/\/www.geotesc.com.br\/site\/wp-json\/wp\/v2\/posts\/2160\/revisions"}],"predecessor-version":[{"id":4677,"href":"https:\/\/www.geotesc.com.br\/site\/wp-json\/wp\/v2\/posts\/2160\/revisions\/4677"}],"wp:attachment":[{"href":"https:\/\/www.geotesc.com.br\/site\/wp-json\/wp\/v2\/media?parent=2160"}],"wp:term":[{"taxonomy":"category","embeddable":true,"href":"https:\/\/www.geotesc.com.br\/site\/wp-json\/wp\/v2\/categories?post=2160"},{"taxonomy":"post_tag","embeddable":true,"href":"https:\/\/www.geotesc.com.br\/site\/wp-json\/wp\/v2\/tags?post=2160"}],"curies":[{"name":"wp","href":"https:\/\/api.w.org\/{rel}","templated":true}]}}