{"id":2541,"date":"2013-05-29T20:51:09","date_gmt":"2013-05-29T20:51:09","guid":{"rendered":"http:\/\/www.geotesc.com.br\/site\/?p=2541"},"modified":"2016-10-21T17:45:28","modified_gmt":"2016-10-21T17:45:28","slug":"perspectiva-para-industria-de-materiais-de-construcao","status":"publish","type":"post","link":"https:\/\/www.geotesc.com.br\/site\/perspectiva-para-industria-de-materiais-de-construcao\/","title":{"rendered":"Perspectiva para ind\u00fastria de materiais de constru\u00e7\u00e3o"},"content":{"rendered":"<p style=\"text-align: justify;\">A <strong>Abramat<\/strong> &#8211; Associa\u00e7\u00e3o Brasileira da Ind\u00fastria de Materiais de Constru\u00e7\u00e3o divulgou o<strong> desempenho de vendas<\/strong> de maio do setor da ind\u00fastria de materiais de constru\u00e7\u00e3o apontando uma vis\u00e3o de otimismo para junho.<\/p>\n<h3 style=\"text-align: justify;\">Dentro das expectativas sobre a\u00e7\u00f5es do governo para o setor nos pr\u00f3ximos 12 meses, 35% est\u00e1 otimista, abaixo dos \u201cindiferentes\u201d 54%. No mesmo ritmo, a pretens\u00e3o de investimentos nos pr\u00f3ximos 12 meses n\u00e3o se alterou, ficando em torno de 70%. O n\u00edvel atual de utiliza\u00e7\u00e3o da capacidade instalada tamb\u00e9m foi mantido em 81%.<\/h3>\n<p style=\"text-align: justify;\">Para o presidente da entidade &#8211; Walter Cover -, a \u00e9poca \u00e9 positiva por ter passado por per\u00edodo de chuvas. A tend\u00eancia \u00e9 que se reinicie um ciclo de reformas e amplia\u00e7\u00f5es.<\/p>\n<p style=\"text-align: justify;\"><strong><a href=\"http:\/\/www.grandesconstrucoes.com.br\/br\/index.php?option=com_conteudo&amp;task=viewNoticia&amp;id=17502\" target=\"_blank\">Clique aqui<\/a><\/strong> e leia mais.<\/p>\n","protected":false},"excerpt":{"rendered":"<p>A Abramat &#8211; Associa\u00e7\u00e3o Brasileira da Ind\u00fastria de Materiais de Constru\u00e7\u00e3o divulgou o desempenho de vendas de maio do setor da ind\u00fastria de materiais de constru\u00e7\u00e3o apontando uma vis\u00e3o de otimismo para junho. Dentro das expectativas sobre a\u00e7\u00f5es do governo para o setor nos pr\u00f3ximos 12 meses, 35% est\u00e1 otimista, abaixo dos \u201cindiferentes\u201d 54%. No mesmo ritmo, a pretens\u00e3o de investimentos nos pr\u00f3ximos 12 meses n\u00e3o se alterou, ficando em torno de 70%. O n\u00edvel atual de utiliza\u00e7\u00e3o da capacidade instalada tamb\u00e9m foi mantido em 81%. Para o presidente da entidade &#8211; Walter Cover -, a \u00e9poca \u00e9 positiva por ter passado por per\u00edodo de chuvas. A tend\u00eancia \u00e9 que se reinicie um ciclo de reformas e amplia\u00e7\u00f5es. Clique aqui e leia mais.<\/p>\n","protected":false},"author":4,"featured_media":2544,"comment_status":"open","ping_status":"open","sticky":false,"template":"","format":"standard","meta":[],"categories":[27],"tags":[219,94,216,217,218],"_links":{"self":[{"href":"https:\/\/www.geotesc.com.br\/site\/wp-json\/wp\/v2\/posts\/2541"}],"collection":[{"href":"https:\/\/www.geotesc.com.br\/site\/wp-json\/wp\/v2\/posts"}],"about":[{"href":"https:\/\/www.geotesc.com.br\/site\/wp-json\/wp\/v2\/types\/post"}],"author":[{"embeddable":true,"href":"https:\/\/www.geotesc.com.br\/site\/wp-json\/wp\/v2\/users\/4"}],"replies":[{"embeddable":true,"href":"https:\/\/www.geotesc.com.br\/site\/wp-json\/wp\/v2\/comments?post=2541"}],"version-history":[{"count":3,"href":"https:\/\/www.geotesc.com.br\/site\/wp-json\/wp\/v2\/posts\/2541\/revisions"}],"predecessor-version":[{"id":2545,"href":"https:\/\/www.geotesc.com.br\/site\/wp-json\/wp\/v2\/posts\/2541\/revisions\/2545"}],"wp:featuredmedia":[{"embeddable":true,"href":"https:\/\/www.geotesc.com.br\/site\/wp-json\/wp\/v2\/media\/2544"}],"wp:attachment":[{"href":"https:\/\/www.geotesc.com.br\/site\/wp-json\/wp\/v2\/media?parent=2541"}],"wp:term":[{"taxonomy":"category","embeddable":true,"href":"https:\/\/www.geotesc.com.br\/site\/wp-json\/wp\/v2\/categories?post=2541"},{"taxonomy":"post_tag","embeddable":true,"href":"https:\/\/www.geotesc.com.br\/site\/wp-json\/wp\/v2\/tags?post=2541"}],"curies":[{"name":"wp","href":"https:\/\/api.w.org\/{rel}","templated":true}]}}