{"id":3130,"date":"2014-05-25T09:30:49","date_gmt":"2014-05-25T09:30:49","guid":{"rendered":"http:\/\/www.geotesc.com.br\/site\/?p=3130"},"modified":"2016-10-21T17:43:24","modified_gmt":"2016-10-21T17:43:24","slug":"25-de-maio-dia-da-industria","status":"publish","type":"post","link":"https:\/\/www.geotesc.com.br\/site\/25-de-maio-dia-da-industria\/","title":{"rendered":"25 de Maio &#8211; Dia da Ind\u00fastria"},"content":{"rendered":"<p style=\"text-align: center;\">Selecionada por Juscelino Kubitschek, a data de <strong>25 de Maio<\/strong> foi escolhida por meio do Decreto n\u00b0 43.769 no ano de 1957 para se comemorar o <strong>Dia da Ind\u00fastria<\/strong>.<\/p>\n<p style=\"text-align: center;\">Uma atividade econ\u00f4mica que tem por finalidade transformar mat\u00e9ria-prima em produtos comercializ\u00e1veis, utilizando para isto for\u00e7a humana, m\u00e1quinas e energia.<\/p>\n<p><a href=\"http:\/\/www.geotesc.com.br\/site\/wp-content\/uploads\/2014\/05\/Foto-Usina-Itaja\u00ed.jpg\"><img loading=\"lazy\" class=\"aligncenter size-full wp-image-3131\" alt=\"Foto - Usina Itaja\u00ed\" src=\"http:\/\/www.geotesc.com.br\/site\/wp-content\/uploads\/2014\/05\/Foto-Usina-Itaja\u00ed.jpg\" width=\"612\" height=\"612\" srcset=\"https:\/\/www.geotesc.com.br\/site\/wp-content\/uploads\/2014\/05\/Foto-Usina-Itaja\u00ed.jpg 612w, https:\/\/www.geotesc.com.br\/site\/wp-content\/uploads\/2014\/05\/Foto-Usina-Itaja\u00ed-150x150.jpg 150w, https:\/\/www.geotesc.com.br\/site\/wp-content\/uploads\/2014\/05\/Foto-Usina-Itaja\u00ed-300x300.jpg 300w\" sizes=\"(max-width: 612px) 100vw, 612px\" \/><\/a><\/p>\n<p style=\"text-align: center;\"><em>Tamb\u00e9m conhecido como segundo setor da economia, a<strong> ind\u00fastria<\/strong> abrange diversos tipos de produ\u00e7\u00e3o. Hoje, a industrializa\u00e7\u00e3o atingiu tal ponto que \u00e9 imposs\u00edvel imaginar o mundo sem ind\u00fastria, entre os diversos benef\u00edcios trazidos por ela.<\/em><\/p>\n","protected":false},"excerpt":{"rendered":"<p>Selecionada por Juscelino Kubitschek, a data de 25 de Maio foi escolhida por meio do Decreto n\u00b0 43.769 no ano de 1957 para se comemorar o Dia da Ind\u00fastria. Uma atividade econ\u00f4mica que tem por finalidade transformar mat\u00e9ria-prima em produtos comercializ\u00e1veis, utilizando para isto for\u00e7a humana, m\u00e1quinas e energia. Tamb\u00e9m conhecido como segundo setor da economia, a ind\u00fastria abrange diversos tipos de produ\u00e7\u00e3o. Hoje, a industrializa\u00e7\u00e3o atingiu tal ponto que \u00e9 imposs\u00edvel imaginar o mundo sem ind\u00fastria, entre os diversos benef\u00edcios trazidos por ela.<\/p>\n","protected":false},"author":4,"featured_media":0,"comment_status":"open","ping_status":"open","sticky":false,"template":"","format":"standard","meta":[],"categories":[27],"tags":[384,94,385,382,318,383],"_links":{"self":[{"href":"https:\/\/www.geotesc.com.br\/site\/wp-json\/wp\/v2\/posts\/3130"}],"collection":[{"href":"https:\/\/www.geotesc.com.br\/site\/wp-json\/wp\/v2\/posts"}],"about":[{"href":"https:\/\/www.geotesc.com.br\/site\/wp-json\/wp\/v2\/types\/post"}],"author":[{"embeddable":true,"href":"https:\/\/www.geotesc.com.br\/site\/wp-json\/wp\/v2\/users\/4"}],"replies":[{"embeddable":true,"href":"https:\/\/www.geotesc.com.br\/site\/wp-json\/wp\/v2\/comments?post=3130"}],"version-history":[{"count":5,"href":"https:\/\/www.geotesc.com.br\/site\/wp-json\/wp\/v2\/posts\/3130\/revisions"}],"predecessor-version":[{"id":3137,"href":"https:\/\/www.geotesc.com.br\/site\/wp-json\/wp\/v2\/posts\/3130\/revisions\/3137"}],"wp:attachment":[{"href":"https:\/\/www.geotesc.com.br\/site\/wp-json\/wp\/v2\/media?parent=3130"}],"wp:term":[{"taxonomy":"category","embeddable":true,"href":"https:\/\/www.geotesc.com.br\/site\/wp-json\/wp\/v2\/categories?post=3130"},{"taxonomy":"post_tag","embeddable":true,"href":"https:\/\/www.geotesc.com.br\/site\/wp-json\/wp\/v2\/tags?post=3130"}],"curies":[{"name":"wp","href":"https:\/\/api.w.org\/{rel}","templated":true}]}}