{"id":4277,"date":"2016-03-03T19:32:11","date_gmt":"2016-03-03T19:32:11","guid":{"rendered":"http:\/\/www.geotesc.com.br\/site\/?p=4277"},"modified":"2016-10-21T17:41:55","modified_gmt":"2016-10-21T17:41:55","slug":"sao-paulo-recebe-seu-primeiro-telhado-verde","status":"publish","type":"post","link":"https:\/\/www.geotesc.com.br\/site\/sao-paulo-recebe-seu-primeiro-telhado-verde\/","title":{"rendered":"S\u00e3o Paulo recebe seu primeiro telhado verde"},"content":{"rendered":"<p dir=\"ltr\" style=\"text-align: justify;\">Considerada uma selva de concreto a capital paulista ganhou uma solu\u00e7\u00e3o para<strong> reconectar<\/strong> as pessoas e a cidade com a natureza: s\u00e3o os<strong><em> telhados verdes<\/em><\/strong>. O recurso j\u00e1 \u00e9 utilizado em outros lugares do mundo, mas chegou apenas agora na maior cidade do Brasil.<\/p>\n<p style=\"text-align: justify;\">Um telhado verde com vegeta\u00e7\u00e3o nativa da Mata Atl\u00e2ntica est\u00e1 localizado em plena Avenida Paulista, no pr\u00e9dio da Funda\u00e7\u00e3o C\u00e1sper Libero, composto por 130 esp\u00e9cies de \u00e1rvores naturais do estado de S\u00e3o Paulo, como o jacarand\u00e1 bico-de-pato e a emba\u00faba. O projeto \u00e9 uma iniciativa do bot\u00e2nico Ricardo Henrique Cardim, da Sky Garden e autor do blog \u00c1rvores de S\u00e3o Paulo.<\/p>\n<p style=\"text-align: justify;\">Al\u00e9m de trazer mais verde para a capital, os telhados<strong> sustent\u00e1veis<\/strong> buscam resgatar as plantas nativas por meio do transporte de sementes, um processo que \u00e9 realizado naturalmente pelos p\u00e1ssaros. O telhado verde \u00e9 tamb\u00e9m uma op\u00e7\u00e3o para a redu\u00e7\u00e3o do calor, al\u00e9m de ajudar na umidade do ar.<\/p>\n<p><a href=\"http:\/\/www.geotesc.com.br\/site\/wp-content\/uploads\/2016\/03\/S\u00e3o-Paulo-recebe-seu-primeiro-telhado-verde-3.jpg\"><img loading=\"lazy\" class=\"aligncenter wp-image-4279\" src=\"http:\/\/www.geotesc.com.br\/site\/wp-content\/uploads\/2016\/03\/S\u00e3o-Paulo-recebe-seu-primeiro-telhado-verde-3.jpg\" alt=\"S\u00e3o Paulo recebe seu primeiro telhado verde 3\" width=\"660\" height=\"495\" srcset=\"https:\/\/www.geotesc.com.br\/site\/wp-content\/uploads\/2016\/03\/S\u00e3o-Paulo-recebe-seu-primeiro-telhado-verde-3.jpg 628w, https:\/\/www.geotesc.com.br\/site\/wp-content\/uploads\/2016\/03\/S\u00e3o-Paulo-recebe-seu-primeiro-telhado-verde-3-150x113.jpg 150w, https:\/\/www.geotesc.com.br\/site\/wp-content\/uploads\/2016\/03\/S\u00e3o-Paulo-recebe-seu-primeiro-telhado-verde-3-300x225.jpg 300w\" sizes=\"(max-width: 660px) 100vw, 660px\" \/><\/a><\/p>\n<h4 style=\"text-align: center;\"><a href=\"http:\/\/www.geotesc.com.br\/site\/wp-content\/uploads\/2016\/03\/S\u00e3o-Paulo-recebe-seu-primeiro-telhado-verde.jpg\"><img loading=\"lazy\" class=\"aligncenter wp-image-4278\" src=\"http:\/\/www.geotesc.com.br\/site\/wp-content\/uploads\/2016\/03\/S\u00e3o-Paulo-recebe-seu-primeiro-telhado-verde.jpg\" alt=\"S\u00e3o Paulo recebe seu primeiro telhado verde\" width=\"660\" height=\"495\" srcset=\"https:\/\/www.geotesc.com.br\/site\/wp-content\/uploads\/2016\/03\/S\u00e3o-Paulo-recebe-seu-primeiro-telhado-verde.jpg 628w, https:\/\/www.geotesc.com.br\/site\/wp-content\/uploads\/2016\/03\/S\u00e3o-Paulo-recebe-seu-primeiro-telhado-verde-150x113.jpg 150w, https:\/\/www.geotesc.com.br\/site\/wp-content\/uploads\/2016\/03\/S\u00e3o-Paulo-recebe-seu-primeiro-telhado-verde-300x225.jpg 300w\" sizes=\"(max-width: 660px) 100vw, 660px\" \/><\/a><\/h4>\n<h4 style=\"text-align: center;\">\n<p><\/br>Confira abaixo o v\u00eddeo da reportagem:<\/h4>\n<p><center><iframe src=\"https:\/\/www.youtube.com\/embed\/qiqNwTHiBB8\" width=\"660\" height=\"415\" frameborder=\"0\" allowfullscreen=\"allowfullscreen\"><\/iframe><\/center><\/p>\n","protected":false},"excerpt":{"rendered":"<p>Considerada uma selva de concreto a capital paulista ganhou uma solu\u00e7\u00e3o para reconectar as pessoas e a cidade com a natureza: s\u00e3o os telhados verdes. O recurso j\u00e1 \u00e9 utilizado em outros lugares do mundo, mas chegou apenas agora na maior cidade do Brasil. Um telhado verde com vegeta\u00e7\u00e3o nativa da Mata Atl\u00e2ntica est\u00e1 localizado em plena Avenida Paulista, no pr\u00e9dio da Funda\u00e7\u00e3o C\u00e1sper Libero, composto por 130 esp\u00e9cies de \u00e1rvores naturais do estado de S\u00e3o Paulo, como o jacarand\u00e1 bico-de-pato e a emba\u00faba. O projeto \u00e9 uma iniciativa do bot\u00e2nico Ricardo Henrique Cardim, da Sky Garden e autor do blog \u00c1rvores de S\u00e3o Paulo. Al\u00e9m de trazer mais verde para a capital, os telhados sustent\u00e1veis buscam resgatar as plantas nativas por meio do transporte de sementes, um processo que \u00e9 realizado naturalmente pelos p\u00e1ssaros. O telhado verde \u00e9 tamb\u00e9m uma op\u00e7\u00e3o para a redu\u00e7\u00e3o do calor, al\u00e9m de ajudar na umidade do ar. Confira abaixo o v\u00eddeo da reportagem:<\/p>\n","protected":false},"author":4,"featured_media":4279,"comment_status":"open","ping_status":"open","sticky":false,"template":"","format":"standard","meta":[],"categories":[27],"tags":[94,703,29,704,708,705,706,55,707,458],"_links":{"self":[{"href":"https:\/\/www.geotesc.com.br\/site\/wp-json\/wp\/v2\/posts\/4277"}],"collection":[{"href":"https:\/\/www.geotesc.com.br\/site\/wp-json\/wp\/v2\/posts"}],"about":[{"href":"https:\/\/www.geotesc.com.br\/site\/wp-json\/wp\/v2\/types\/post"}],"author":[{"embeddable":true,"href":"https:\/\/www.geotesc.com.br\/site\/wp-json\/wp\/v2\/users\/4"}],"replies":[{"embeddable":true,"href":"https:\/\/www.geotesc.com.br\/site\/wp-json\/wp\/v2\/comments?post=4277"}],"version-history":[{"count":15,"href":"https:\/\/www.geotesc.com.br\/site\/wp-json\/wp\/v2\/posts\/4277\/revisions"}],"predecessor-version":[{"id":4295,"href":"https:\/\/www.geotesc.com.br\/site\/wp-json\/wp\/v2\/posts\/4277\/revisions\/4295"}],"wp:featuredmedia":[{"embeddable":true,"href":"https:\/\/www.geotesc.com.br\/site\/wp-json\/wp\/v2\/media\/4279"}],"wp:attachment":[{"href":"https:\/\/www.geotesc.com.br\/site\/wp-json\/wp\/v2\/media?parent=4277"}],"wp:term":[{"taxonomy":"category","embeddable":true,"href":"https:\/\/www.geotesc.com.br\/site\/wp-json\/wp\/v2\/categories?post=4277"},{"taxonomy":"post_tag","embeddable":true,"href":"https:\/\/www.geotesc.com.br\/site\/wp-json\/wp\/v2\/tags?post=4277"}],"curies":[{"name":"wp","href":"https:\/\/api.w.org\/{rel}","templated":true}]}}