{"id":4906,"date":"2017-03-10T20:00:41","date_gmt":"2017-03-10T20:00:41","guid":{"rendered":"http:\/\/www.geotesc.com.br\/site\/?p=4906"},"modified":"2017-03-10T20:00:41","modified_gmt":"2017-03-10T20:00:41","slug":"bateria-domestica-tesla-ameaca-rede-eletrica-tradicional","status":"publish","type":"post","link":"https:\/\/www.geotesc.com.br\/site\/bateria-domestica-tesla-ameaca-rede-eletrica-tradicional\/","title":{"rendered":"Bateria dom\u00e9stica Tesla amea\u00e7a rede el\u00e9trica tradicional"},"content":{"rendered":"<p style=\"text-align: justify\"><span style=\"font-weight: 400\">A <strong><a href=\"https:\/\/www.tesla.com\/\" target=\"_blank\">Tesla Motors Inc.<\/a><\/strong>, empresa conhecida pela fabrica\u00e7\u00e3o do <strong>sed\u00e3<\/strong> completamente <strong>el\u00e9trico<\/strong>, est\u00e1 usando a tecnologia de <strong>baterias de \u00edons de l\u00edtio<\/strong> para se tornar l\u00edder de um mercado ainda emergente: a <strong>armazenagem de eletricidade<\/strong>.<\/span><\/p>\n<p style=\"text-align: justify\">\n<div id=\"attachment_4909\" style=\"width: 710px\" class=\"wp-caption aligncenter\"><a href=\"http:\/\/www.geotesc.com.br\/site\/wp-content\/uploads\/2017\/03\/tesla1.jpg\"><img aria-describedby=\"caption-attachment-4909\" loading=\"lazy\" class=\"wp-image-4909\" src=\"http:\/\/www.geotesc.com.br\/site\/wp-content\/uploads\/2017\/03\/tesla1.jpg\" alt=\"Imagem: Pixabay\" width=\"700\" height=\"466\" srcset=\"https:\/\/www.geotesc.com.br\/site\/wp-content\/uploads\/2017\/03\/tesla1.jpg 960w, https:\/\/www.geotesc.com.br\/site\/wp-content\/uploads\/2017\/03\/tesla1-300x200.jpg 300w, https:\/\/www.geotesc.com.br\/site\/wp-content\/uploads\/2017\/03\/tesla1-150x100.jpg 150w, https:\/\/www.geotesc.com.br\/site\/wp-content\/uploads\/2017\/03\/tesla1-768x511.jpg 768w\" sizes=\"(max-width: 700px) 100vw, 700px\" \/><\/a><\/p>\n<p id=\"caption-attachment-4909\" class=\"wp-caption-text\">Imagem: Pixabay<\/p>\n<\/div>\n<p>&nbsp;<\/p>\n<p style=\"text-align: justify\"><span style=\"font-weight: 400\">Esse mercado pode amea\u00e7ar a<strong> rede el\u00e9trica\u00a0<\/strong>a qual usamos hoje em dia. <\/span><\/p>\n<p style=\"text-align: justify\"><span style=\"font-weight: 400\">\u201c<\/span><i><span style=\"font-weight: 400\">Vamos lan\u00e7ar a <strong>bateria dom\u00e9stica Tesla<\/strong>, uma bateria de consumo pensada para uso em resid\u00eancias ou empresas, muito em breve<\/span><\/i><span style=\"font-weight: 400\">\u201d, contou o <strong>CEO Elon Musk<\/strong> durante uma teleconfer\u00eancia de lucros com analistas.<\/span><\/p>\n<p style=\"text-align: justify\"><span style=\"font-weight: 400\">O produto combinaria<strong> pain\u00e9is solares<\/strong> e <strong>baterias grandes e eficazes<\/strong>, o que permitiria que propriet\u00e1rios de im\u00f3veis deixassem de comprar eletricidade das concession\u00e1rias de eletricidade. <\/span><\/p>\n<p style=\"text-align: justify\"><span style=\"font-weight: 400\">Segundo o CEO, o lan\u00e7amento da bateria ocorreria no m\u00eas de <strong>mar\u00e7o<\/strong> ou <strong>abril<\/strong>. <\/span><\/p>\n<p style=\"text-align: justify\"><span style=\"font-weight: 400\">\u201c<em>Temos o design pronto. O produto dever\u00e1 come\u00e7ar a ser produzido em cerca de seis meses ou mais<\/em>\u201d, disse <strong>Musk<\/strong>. \u201c<em>Isso \u00e9 realmente muito bom<\/em>\u201d.<\/span><\/p>\n<p style=\"text-align: justify\"><span style=\"font-weight: 400\"><strong>Morgan Stanley<\/strong> disse que a bateria dom\u00e9stica da Tesla pode sim \u201ccausar perturba\u00e7\u00f5es\u201d nos <strong>Estados Unidos<\/strong> e <strong>Europa<\/strong>, pois, com seu uso, os clientes escolheriam evitar as tarifas das concession\u00e1rias de energia. <\/span><\/p>\n<p style=\"text-align: justify\"><span style=\"font-weight: 400\">A <strong>Calif\u00f3rnia<\/strong> percebe o armazenamento de energia como <strong>instrumento fundamental<\/strong> para o controle da rede de energia, integra\u00e7\u00e3o de uma quantidade crescente de <strong>energia e\u00f3lica e solar<\/strong> e na <strong>redu\u00e7\u00e3o<\/strong> de <strong>gases poluentes<\/strong> e de <strong>efeito estufa<\/strong>.<\/span><\/p>\n<p style=\"text-align: justify\"><span style=\"font-weight: 400\">Fonte: <a href=\"http:\/\/exame.abril.com.br\/\" target=\"_blank\">exame.abril.com.br<\/a><\/span><\/p>\n","protected":false},"excerpt":{"rendered":"<p>A Tesla Motors Inc., empresa conhecida pela fabrica\u00e7\u00e3o do sed\u00e3 completamente el\u00e9trico, est\u00e1 usando a tecnologia de baterias de \u00edons de l\u00edtio para se tornar l\u00edder de um mercado ainda emergente: a armazenagem de eletricidade. &nbsp; Esse mercado pode amea\u00e7ar a rede el\u00e9trica\u00a0a qual usamos hoje em dia. \u201cVamos lan\u00e7ar a bateria dom\u00e9stica Tesla, uma bateria de consumo pensada para uso em resid\u00eancias ou empresas, muito em breve\u201d, contou o CEO Elon Musk durante uma teleconfer\u00eancia de lucros com analistas. O produto combinaria pain\u00e9is solares e baterias grandes e eficazes, o que permitiria que propriet\u00e1rios de im\u00f3veis deixassem de comprar eletricidade das concession\u00e1rias de eletricidade. Segundo o CEO, o lan\u00e7amento da bateria ocorreria no m\u00eas de mar\u00e7o ou abril. \u201cTemos o design pronto. O produto dever\u00e1 come\u00e7ar a ser produzido em cerca de seis meses ou mais\u201d, disse Musk. \u201cIsso \u00e9 realmente muito bom\u201d. Morgan Stanley disse que a bateria dom\u00e9stica da Tesla pode sim \u201ccausar perturba\u00e7\u00f5es\u201d nos Estados Unidos e Europa, pois, com seu uso, os clientes escolheriam evitar as tarifas das concession\u00e1rias de energia. A Calif\u00f3rnia percebe o armazenamento de energia como instrumento fundamental para o controle da rede de energia, integra\u00e7\u00e3o de uma quantidade crescente de energia e\u00f3lica e solar e na redu\u00e7\u00e3o de gases poluentes e de efeito estufa. Fonte: exame.abril.com.br<\/p>\n","protected":false},"author":3,"featured_media":4907,"comment_status":"open","ping_status":"open","sticky":false,"template":"","format":"standard","meta":[],"categories":[27],"tags":[1037,1042,1036,1041,1039,1040,1038],"_links":{"self":[{"href":"https:\/\/www.geotesc.com.br\/site\/wp-json\/wp\/v2\/posts\/4906"}],"collection":[{"href":"https:\/\/www.geotesc.com.br\/site\/wp-json\/wp\/v2\/posts"}],"about":[{"href":"https:\/\/www.geotesc.com.br\/site\/wp-json\/wp\/v2\/types\/post"}],"author":[{"embeddable":true,"href":"https:\/\/www.geotesc.com.br\/site\/wp-json\/wp\/v2\/users\/3"}],"replies":[{"embeddable":true,"href":"https:\/\/www.geotesc.com.br\/site\/wp-json\/wp\/v2\/comments?post=4906"}],"version-history":[{"count":6,"href":"https:\/\/www.geotesc.com.br\/site\/wp-json\/wp\/v2\/posts\/4906\/revisions"}],"predecessor-version":[{"id":4914,"href":"https:\/\/www.geotesc.com.br\/site\/wp-json\/wp\/v2\/posts\/4906\/revisions\/4914"}],"wp:featuredmedia":[{"embeddable":true,"href":"https:\/\/www.geotesc.com.br\/site\/wp-json\/wp\/v2\/media\/4907"}],"wp:attachment":[{"href":"https:\/\/www.geotesc.com.br\/site\/wp-json\/wp\/v2\/media?parent=4906"}],"wp:term":[{"taxonomy":"category","embeddable":true,"href":"https:\/\/www.geotesc.com.br\/site\/wp-json\/wp\/v2\/categories?post=4906"},{"taxonomy":"post_tag","embeddable":true,"href":"https:\/\/www.geotesc.com.br\/site\/wp-json\/wp\/v2\/tags?post=4906"}],"curies":[{"name":"wp","href":"https:\/\/api.w.org\/{rel}","templated":true}]}}